{"id":1411,"date":"2023-09-21T12:37:27","date_gmt":"2023-09-21T10:37:27","guid":{"rendered":"https:\/\/sophiejasselin.com\/?p=1411"},"modified":"2023-09-22T14:28:06","modified_gmt":"2023-09-22T12:28:06","slug":"lactu-du-mois-de-fevrier","status":"publish","type":"post","link":"https:\/\/sophiejasselin.com\/en\/lactu-du-mois-de-fevrier\/","title":{"rendered":"L&rsquo;actu du mois de f\u00e9vrier"},"content":{"rendered":"<div data-elementor-type=\"wp-post\" data-elementor-id=\"1411\" class=\"elementor elementor-1411\" data-elementor-post-type=\"post\">\n\t\t\t\t\t\t<section class=\"elementor-section elementor-top-section elementor-element elementor-element-9413f02 elementor-section-boxed elementor-section-height-default elementor-section-height-default\" data-id=\"9413f02\" data-element_type=\"section\" data-settings=\"{&quot;background_background&quot;:&quot;classic&quot;}\">\n\t\t\t\t\t\t<div class=\"elementor-container elementor-column-gap-no\">\n\t\t\t\t\t<div class=\"elementor-column elementor-col-100 elementor-top-column elementor-element elementor-element-177e2e8\" data-id=\"177e2e8\" data-element_type=\"column\">\n\t\t\t<div class=\"elementor-widget-wrap elementor-element-populated\">\n\t\t\t\t\t\t<div class=\"elementor-element elementor-element-eb148ad elementor-invisible elementor-widget elementor-widget-heading\" data-id=\"eb148ad\" data-element_type=\"widget\" data-settings=\"{&quot;_animation&quot;:&quot;fadeIn&quot;,&quot;_animation_delay&quot;:200,&quot;motion_fx_motion_fx_scrolling&quot;:&quot;yes&quot;,&quot;motion_fx_translateY_effect&quot;:&quot;yes&quot;,&quot;motion_fx_translateY_speed&quot;:{&quot;unit&quot;:&quot;px&quot;,&quot;size&quot;:1,&quot;sizes&quot;:[]},&quot;motion_fx_translateY_affectedRange&quot;:{&quot;unit&quot;:&quot;%&quot;,&quot;size&quot;:&quot;&quot;,&quot;sizes&quot;:{&quot;start&quot;:0,&quot;end&quot;:100}},&quot;motion_fx_devices&quot;:[&quot;desktop&quot;,&quot;tablet&quot;,&quot;mobile&quot;]}\" data-widget_type=\"heading.default\">\n\t\t\t\t<div class=\"elementor-widget-container\">\n\t\t\t<h2 class=\"elementor-heading-title elementor-size-default\">L'actu de f\u00e9vrier<\/h2>\t\t<\/div>\n\t\t\t\t<\/div>\n\t\t\t\t\t<\/div>\n\t\t<\/div>\n\t\t\t\t\t<\/div>\n\t\t<\/section>\n\t\t\t\t<section class=\"elementor-section elementor-top-section elementor-element elementor-element-9dd594b elementor-section-height-min-height elementor-section-items-stretch elementor-reverse-mobile elementor-section-boxed elementor-section-height-default\" data-id=\"9dd594b\" data-element_type=\"section\" data-settings=\"{&quot;background_background&quot;:&quot;classic&quot;}\">\n\t\t\t\t\t\t<div class=\"elementor-container elementor-column-gap-no\">\n\t\t\t\t\t<div class=\"elementor-column elementor-col-25 elementor-top-column elementor-element elementor-element-4a2cda3\" data-id=\"4a2cda3\" data-element_type=\"column\">\n\t\t\t<div class=\"elementor-widget-wrap elementor-element-populated\">\n\t\t\t\t\t\t<div class=\"elementor-element elementor-element-f36be24 elementor-widget elementor-widget-heading\" data-id=\"f36be24\" data-element_type=\"widget\" data-widget_type=\"heading.default\">\n\t\t\t\t<div class=\"elementor-widget-container\">\n\t\t\t<h4 class=\"elementor-heading-title elementor-size-default\"><a href=\"https:\/\/www.caminteresse.fr\/culture\/combien-de-mots-existe-t-il-dans-la-langue-francaise-11187566\/\" target=\"_blank\">\u00c7a m'int\u00e9resse<\/a><\/h4>\t\t<\/div>\n\t\t\t\t<\/div>\n\t\t\t\t<div class=\"elementor-element elementor-element-5bf2126 elementor-widget elementor-widget-heading\" data-id=\"5bf2126\" data-element_type=\"widget\" data-widget_type=\"heading.default\">\n\t\t\t\t<div class=\"elementor-widget-container\">\n\t\t\t<p class=\"elementor-heading-title elementor-size-default\"><a href=\"https:\/\/www.caminteresse.fr\/culture\/combien-de-mots-existe-t-il-dans-la-langue-francaise-11187566\/\" target=\"_blank\">Combien de mots existe-t-il dans la langue fran\u00e7aise\u2009?<\/a><\/p>\t\t<\/div>\n\t\t\t\t<\/div>\n\t\t\t\t<div class=\"elementor-element elementor-element-9c02189 elementor-position-top elementor-widget elementor-widget-image-box\" data-id=\"9c02189\" data-element_type=\"widget\" data-widget_type=\"image-box.default\">\n\t\t\t\t<div class=\"elementor-widget-container\">\n\t\t\t<div class=\"elementor-image-box-wrapper\"><figure class=\"elementor-image-box-img\"><a href=\"https:\/\/www.lexpress.fr\/podcasts\/laloupe\/podcast-comment-apprendra-t-on-lorthographe-demain-X7X3MCWBUJHH7NIW73HX54YL7I\/?fbclid=IwAR3O4ORYlu4z61fMJuwPkQigNa5aBB7g567RxXB_--P-I_Xllm3l8KbfNNU\" target=\"_blank\" tabindex=\"-1\"><img fetchpriority=\"high\" decoding=\"async\" width=\"896\" height=\"469\" src=\"https:\/\/sophiejasselin.com\/wp-content\/uploads\/2023\/09\/Sans-titre-5.jpg\" class=\"attachment-full size-full wp-image-1460\" alt=\"\u00e7a m&#039;int\u00e9resse Combien de mots existe-t-il dans la langue fran\u00e7aise\u2009?\" srcset=\"https:\/\/sophiejasselin.com\/wp-content\/uploads\/2023\/09\/Sans-titre-5.jpg 896w, https:\/\/sophiejasselin.com\/wp-content\/uploads\/2023\/09\/Sans-titre-5-300x157.jpg 300w, https:\/\/sophiejasselin.com\/wp-content\/uploads\/2023\/09\/Sans-titre-5-768x402.jpg 768w, https:\/\/sophiejasselin.com\/wp-content\/uploads\/2023\/09\/Sans-titre-5-18x9.jpg 18w\" sizes=\"(max-width: 896px) 100vw, 896px\" \/><\/a><\/figure><div class=\"elementor-image-box-content\"><p class=\"elementor-image-box-description\">Le chinois, langue la plus parl\u00e9e au monde, ne comporte qu'un peu plus de 85\u2009000 mots\u2009; tandis que le cor\u00e9en en aurait plus d'un million. Qu'en est-il du fran\u00e7ais\u2009?<\/p><\/div><\/div>\t\t<\/div>\n\t\t\t\t<\/div>\n\t\t\t\t\t<\/div>\n\t\t<\/div>\n\t\t\t\t<div class=\"elementor-column elementor-col-25 elementor-top-column elementor-element elementor-element-0e4ce36\" data-id=\"0e4ce36\" data-element_type=\"column\">\n\t\t\t<div class=\"elementor-widget-wrap elementor-element-populated\">\n\t\t\t\t\t\t<div class=\"elementor-element elementor-element-04b7519 elementor-position-top elementor-widget elementor-widget-image-box\" data-id=\"04b7519\" data-element_type=\"widget\" data-widget_type=\"image-box.default\">\n\t\t\t\t<div class=\"elementor-widget-container\">\n\t\t\t<div class=\"elementor-image-box-wrapper\"><figure class=\"elementor-image-box-img\"><a href=\"https:\/\/www.lefigaro.fr\/langue-francaise\/expressions-francaises\/baditis-agedo-ces-mots-gaulois-qui-ont-disparu-de-notre-vocabulaire-20230201\" target=\"_blank\" tabindex=\"-1\"><img decoding=\"async\" width=\"770\" height=\"433\" src=\"https:\/\/sophiejasselin.com\/wp-content\/uploads\/2023\/09\/Sans-titre-3.jpg\" class=\"attachment-full size-full wp-image-1446\" alt=\"Le Figaro \u00abBaditis\u00bb, \u00abagedo\u00bb... Ces mots gaulois qui ont disparu de notre vocabulaire\" srcset=\"https:\/\/sophiejasselin.com\/wp-content\/uploads\/2023\/09\/Sans-titre-3.jpg 770w, https:\/\/sophiejasselin.com\/wp-content\/uploads\/2023\/09\/Sans-titre-3-300x169.jpg 300w, https:\/\/sophiejasselin.com\/wp-content\/uploads\/2023\/09\/Sans-titre-3-768x432.jpg 768w, https:\/\/sophiejasselin.com\/wp-content\/uploads\/2023\/09\/Sans-titre-3-18x10.jpg 18w\" sizes=\"(max-width: 770px) 100vw, 770px\" \/><\/a><\/figure><div class=\"elementor-image-box-content\"><p class=\"elementor-image-box-description\">\u00c0 l\u2019occasion de la sortie du film Ast\u00e9rix et Ob\u00e9lix: L\u2019Empire du Milieu, Le Figaro vous propose de revenir sur ces termes qu\u2019employaient les contemporains de nos deux h\u00e9ros.<\/p><\/div><\/div>\t\t<\/div>\n\t\t\t\t<\/div>\n\t\t\t\t<div class=\"elementor-element elementor-element-f763cdf elementor-widget elementor-widget-heading\" data-id=\"f763cdf\" data-element_type=\"widget\" data-widget_type=\"heading.default\">\n\t\t\t\t<div class=\"elementor-widget-container\">\n\t\t\t<h4 class=\"elementor-heading-title elementor-size-default\"><a href=\"https:\/\/www.lefigaro.fr\/langue-francaise\/expressions-francaises\/baditis-agedo-ces-mots-gaulois-qui-ont-disparu-de-notre-vocabulaire-20230201\" target=\"_blank\">Le figaro<\/a><\/h4>\t\t<\/div>\n\t\t\t\t<\/div>\n\t\t\t\t<div class=\"elementor-element elementor-element-1cc35dd elementor-widget elementor-widget-heading\" data-id=\"1cc35dd\" data-element_type=\"widget\" data-widget_type=\"heading.default\">\n\t\t\t\t<div class=\"elementor-widget-container\">\n\t\t\t<p class=\"elementor-heading-title elementor-size-default\"><a href=\"https:\/\/www.lefigaro.fr\/langue-francaise\/expressions-francaises\/baditis-agedo-ces-mots-gaulois-qui-ont-disparu-de-notre-vocabulaire-20230201\" target=\"_blank\">\u00abBaditis\u00bb, \u00abagedo\u00bb... Ces mots gaulois qui ont disparu de notre vocabulaire<\/a><\/p>\t\t<\/div>\n\t\t\t\t<\/div>\n\t\t\t\t\t<\/div>\n\t\t<\/div>\n\t\t\t\t<div class=\"elementor-column elementor-col-25 elementor-top-column elementor-element elementor-element-8fb3f0c\" data-id=\"8fb3f0c\" data-element_type=\"column\">\n\t\t\t<div class=\"elementor-widget-wrap elementor-element-populated\">\n\t\t\t\t\t\t<div class=\"elementor-element elementor-element-3a13cce elementor-widget elementor-widget-heading\" data-id=\"3a13cce\" data-element_type=\"widget\" data-widget_type=\"heading.default\">\n\t\t\t\t<div class=\"elementor-widget-container\">\n\t\t\t<h4 class=\"elementor-heading-title elementor-size-default\"><a href=\"https:\/\/www.planet.fr\/retraite-reforme-des-retraites-le-vocabulaire-a-maitriser-pour-comprendre-les-debats.2729980.687329.html\" target=\"_blank\">Planet.fr<\/a><\/h4>\t\t<\/div>\n\t\t\t\t<\/div>\n\t\t\t\t<div class=\"elementor-element elementor-element-ecb3782 elementor-widget elementor-widget-heading\" data-id=\"ecb3782\" data-element_type=\"widget\" data-widget_type=\"heading.default\">\n\t\t\t\t<div class=\"elementor-widget-container\">\n\t\t\t<p class=\"elementor-heading-title elementor-size-default\"><a href=\"https:\/\/www.planet.fr\/retraite-reforme-des-retraites-le-vocabulaire-a-maitriser-pour-comprendre-les-debats.2729980.687329.html\" target=\"_blank\">R\u00e9forme des retraites : le vocabulaire \u00e0 ma\u00eetriser pour comprendre les d\u00e9bats<\/a><\/p>\t\t<\/div>\n\t\t\t\t<\/div>\n\t\t\t\t<div class=\"elementor-element elementor-element-c24814a elementor-position-top elementor-widget elementor-widget-image-box\" data-id=\"c24814a\" data-element_type=\"widget\" data-widget_type=\"image-box.default\">\n\t\t\t\t<div class=\"elementor-widget-container\">\n\t\t\t<div class=\"elementor-image-box-wrapper\"><figure class=\"elementor-image-box-img\"><a href=\"https:\/\/www.planet.fr\/retraite-reforme-des-retraites-le-vocabulaire-a-maitriser-pour-comprendre-les-debats.2729980.687329.html\" target=\"_blank\" tabindex=\"-1\"><img decoding=\"async\" width=\"863\" height=\"429\" src=\"https:\/\/sophiejasselin.com\/wp-content\/uploads\/2023\/09\/Sans-titre-6.jpg\" class=\"attachment-full size-full wp-image-1461\" alt=\"Planet.fr R\u00e9forme des retraites : le vocabulaire \u00e0 ma\u00eetriser pour comprendre les d\u00e9bats\" srcset=\"https:\/\/sophiejasselin.com\/wp-content\/uploads\/2023\/09\/Sans-titre-6.jpg 863w, https:\/\/sophiejasselin.com\/wp-content\/uploads\/2023\/09\/Sans-titre-6-300x149.jpg 300w, https:\/\/sophiejasselin.com\/wp-content\/uploads\/2023\/09\/Sans-titre-6-768x382.jpg 768w, https:\/\/sophiejasselin.com\/wp-content\/uploads\/2023\/09\/Sans-titre-6-18x9.jpg 18w\" sizes=\"(max-width: 863px) 100vw, 863px\" \/><\/a><\/figure><div class=\"elementor-image-box-content\"><p class=\"elementor-image-box-description\">La r\u00e9forme des retraites entre dans son examen final. Apr\u00e8s 20 jours de d\u00e9bats dans l\u2019h\u00e9micycle, c\u2019est au tour du S\u00e9nat d\u2019examiner le texte. Pour bien comprendre les d\u00e9bats, voici les mots \u00e0 ma\u00eetriser.<\/p><\/div><\/div>\t\t<\/div>\n\t\t\t\t<\/div>\n\t\t\t\t\t<\/div>\n\t\t<\/div>\n\t\t\t\t<div class=\"elementor-column elementor-col-25 elementor-top-column elementor-element elementor-element-b86326a\" data-id=\"b86326a\" data-element_type=\"column\">\n\t\t\t<div class=\"elementor-widget-wrap elementor-element-populated\">\n\t\t\t\t\t\t<div class=\"elementor-element elementor-element-892945e elementor-widget elementor-widget-text-editor\" data-id=\"892945e\" data-element_type=\"widget\" data-widget_type=\"text-editor.default\">\n\t\t\t\t<div class=\"elementor-widget-container\">\n\t\t\t\t\t\t\t<div class=\"jsx-4220993910 ArticleChapo__List_Item\"><span class=\"jsx-4220993910 ArticleChapo__Point ArticleChapo__Point__0\">Au fil du temps, de nombreux mots changent de sens.<\/span><\/div><div class=\"jsx-4220993910 ArticleChapo__List_Item\"><div class=\"jsx-4220993910 ArticleChapo__Bullet\">D\u00e8s lors, certains veulent d\u00e9sormais dire quelque chose de radicalement diff\u00e9rent de leur sens premier.<\/div><\/div><div class=\"jsx-4220993910 ArticleChapo__List_Item\"><div class=\"jsx-4220993910 ArticleChapo__Bullet\">Le 20H de TF1 vous explique ce processus.<\/div><\/div><p><b><img loading=\"lazy\" decoding=\"async\" class=\"alignnone wp-image-1488 size-medium\" src=\"https:\/\/sophiejasselin.com\/wp-content\/uploads\/2023\/09\/Sans-titre-8-300x168.jpg\" alt=\"TF1 Langue fran\u00e7aise : &quot;Ap\u00e9ritif&quot;, &quot;bamboche&quot;... Comment les mots prennent-ils un nouveau sens ?\" width=\"300\" height=\"168\" srcset=\"https:\/\/sophiejasselin.com\/wp-content\/uploads\/2023\/09\/Sans-titre-8-300x168.jpg 300w, https:\/\/sophiejasselin.com\/wp-content\/uploads\/2023\/09\/Sans-titre-8-18x10.jpg 18w, https:\/\/sophiejasselin.com\/wp-content\/uploads\/2023\/09\/Sans-titre-8.jpg 764w\" sizes=\"(max-width: 300px) 100vw, 300px\" \/><\/b><\/p>\t\t\t\t\t\t<\/div>\n\t\t\t\t<\/div>\n\t\t\t\t<div class=\"elementor-element elementor-element-b119bb0 elementor-widget elementor-widget-heading\" data-id=\"b119bb0\" data-element_type=\"widget\" data-widget_type=\"heading.default\">\n\t\t\t\t<div class=\"elementor-widget-container\">\n\t\t\t<h4 class=\"elementor-heading-title elementor-size-default\"><a href=\"https:\/\/www.lefigaro.fr\/langue-francaise\/actu-des-mots\/chatgpt-seuls-ceux-qui-maitrisent-correctement-la-langue-devraient-l-utiliser-20230131\" target=\"_blank\">TF1 Info<\/a><\/h4>\t\t<\/div>\n\t\t\t\t<\/div>\n\t\t\t\t<div class=\"elementor-element elementor-element-7d95888 elementor-widget elementor-widget-heading\" data-id=\"7d95888\" data-element_type=\"widget\" data-widget_type=\"heading.default\">\n\t\t\t\t<div class=\"elementor-widget-container\">\n\t\t\t<p class=\"elementor-heading-title elementor-size-default\"><a href=\"https:\/\/www.lefigaro.fr\/langue-francaise\/actu-des-mots\/chatgpt-seuls-ceux-qui-maitrisent-correctement-la-langue-devraient-l-utiliser-20230131\" target=\"_blank\">Langue fran\u00e7aise : \"Ap\u00e9ritif\", \"bamboche\"... Comment les mots prennent-ils un nouveau sens ?<\/a><\/p>\t\t<\/div>\n\t\t\t\t<\/div>\n\t\t\t\t\t<\/div>\n\t\t<\/div>\n\t\t\t\t\t<\/div>\n\t\t<\/section>\n\t\t\t\t<\/div>","protected":false},"excerpt":{"rendered":"<p>L&rsquo;actu de f\u00e9vrier \u00c7a m&rsquo;int\u00e9resse Combien de mots existe-t-il dans la langue fran\u00e7aise\u2009? Le chinois, langue la plus parl\u00e9e au monde, ne comporte qu&rsquo;un peu plus de 85\u2009000 mots\u2009; tandis [&hellip;]<\/p>","protected":false},"author":1,"featured_media":0,"comment_status":"open","ping_status":"open","sticky":false,"template":"","format":"standard","meta":{"footnotes":""},"categories":[10,1],"tags":[],"class_list":["post-1411","post","type-post","status-publish","format-standard","hentry","category-lactu-francais","category-langue-francaise"],"_links":{"self":[{"href":"https:\/\/sophiejasselin.com\/en\/wp-json\/wp\/v2\/posts\/1411"}],"collection":[{"href":"https:\/\/sophiejasselin.com\/en\/wp-json\/wp\/v2\/posts"}],"about":[{"href":"https:\/\/sophiejasselin.com\/en\/wp-json\/wp\/v2\/types\/post"}],"author":[{"embeddable":true,"href":"https:\/\/sophiejasselin.com\/en\/wp-json\/wp\/v2\/users\/1"}],"replies":[{"embeddable":true,"href":"https:\/\/sophiejasselin.com\/en\/wp-json\/wp\/v2\/comments?post=1411"}],"version-history":[{"count":70,"href":"https:\/\/sophiejasselin.com\/en\/wp-json\/wp\/v2\/posts\/1411\/revisions"}],"predecessor-version":[{"id":1551,"href":"https:\/\/sophiejasselin.com\/en\/wp-json\/wp\/v2\/posts\/1411\/revisions\/1551"}],"wp:attachment":[{"href":"https:\/\/sophiejasselin.com\/en\/wp-json\/wp\/v2\/media?parent=1411"}],"wp:term":[{"taxonomy":"category","embeddable":true,"href":"https:\/\/sophiejasselin.com\/en\/wp-json\/wp\/v2\/categories?post=1411"},{"taxonomy":"post_tag","embeddable":true,"href":"https:\/\/sophiejasselin.com\/en\/wp-json\/wp\/v2\/tags?post=1411"}],"curies":[{"name":"wp","href":"https:\/\/api.w.org\/{rel}","templated":true}]}}