{"id":1625,"date":"2023-09-21T19:00:49","date_gmt":"2023-09-21T17:00:49","guid":{"rendered":"https:\/\/sophiejasselin.com\/?p=1625"},"modified":"2023-09-22T14:28:05","modified_gmt":"2023-09-22T12:28:05","slug":"lactu-du-mois-de-mai","status":"publish","type":"post","link":"https:\/\/sophiejasselin.com\/en\/lactu-du-mois-de-mai\/","title":{"rendered":"L&rsquo;actu du mois de mai"},"content":{"rendered":"<div data-elementor-type=\"wp-post\" data-elementor-id=\"1625\" class=\"elementor elementor-1625\" data-elementor-post-type=\"post\">\n\t\t\t\t\t\t<section class=\"elementor-section elementor-top-section elementor-element elementor-element-938ce38 elementor-section-boxed elementor-section-height-default elementor-section-height-default\" data-id=\"938ce38\" data-element_type=\"section\" data-settings=\"{&quot;background_background&quot;:&quot;classic&quot;}\">\n\t\t\t\t\t\t<div class=\"elementor-container elementor-column-gap-no\">\n\t\t\t\t\t<div class=\"elementor-column elementor-col-100 elementor-top-column elementor-element elementor-element-9d84f56\" data-id=\"9d84f56\" data-element_type=\"column\">\n\t\t\t<div class=\"elementor-widget-wrap elementor-element-populated\">\n\t\t\t\t\t\t<div class=\"elementor-element elementor-element-245ecc5 elementor-invisible elementor-widget elementor-widget-heading\" data-id=\"245ecc5\" data-element_type=\"widget\" data-settings=\"{&quot;_animation&quot;:&quot;fadeIn&quot;,&quot;_animation_delay&quot;:200,&quot;motion_fx_motion_fx_scrolling&quot;:&quot;yes&quot;,&quot;motion_fx_translateY_effect&quot;:&quot;yes&quot;,&quot;motion_fx_translateY_speed&quot;:{&quot;unit&quot;:&quot;px&quot;,&quot;size&quot;:1,&quot;sizes&quot;:[]},&quot;motion_fx_translateY_affectedRange&quot;:{&quot;unit&quot;:&quot;%&quot;,&quot;size&quot;:&quot;&quot;,&quot;sizes&quot;:{&quot;start&quot;:0,&quot;end&quot;:100}},&quot;motion_fx_devices&quot;:[&quot;desktop&quot;,&quot;tablet&quot;,&quot;mobile&quot;]}\" data-widget_type=\"heading.default\">\n\t\t\t\t<div class=\"elementor-widget-container\">\n\t\t\t<h2 class=\"elementor-heading-title elementor-size-default\">L'actu de mai<\/h2>\t\t<\/div>\n\t\t\t\t<\/div>\n\t\t\t\t\t<\/div>\n\t\t<\/div>\n\t\t\t\t\t<\/div>\n\t\t<\/section>\n\t\t\t\t<section class=\"elementor-section elementor-top-section elementor-element elementor-element-bd895e8 elementor-section-height-min-height elementor-section-items-stretch elementor-reverse-mobile elementor-section-boxed elementor-section-height-default\" data-id=\"bd895e8\" data-element_type=\"section\" data-settings=\"{&quot;background_background&quot;:&quot;classic&quot;}\">\n\t\t\t\t\t\t<div class=\"elementor-container elementor-column-gap-no\">\n\t\t\t\t\t<div class=\"elementor-column elementor-col-25 elementor-top-column elementor-element elementor-element-bb64c1e\" data-id=\"bb64c1e\" data-element_type=\"column\">\n\t\t\t<div class=\"elementor-widget-wrap elementor-element-populated\">\n\t\t\t\t\t\t<div class=\"elementor-element elementor-element-8f7ff11 elementor-widget elementor-widget-heading\" data-id=\"8f7ff11\" data-element_type=\"widget\" data-widget_type=\"heading.default\">\n\t\t\t\t<div class=\"elementor-widget-container\">\n\t\t\t<h4 class=\"elementor-heading-title elementor-size-default\"><a href=\"https:\/\/www.francebleu.fr\/emissions\/les-jouteurs-de-l-info\/faut-il-simplifier-l-orthographe-pour-reduire-les-inegalites-scolaires-ou-sociales-3994786\" target=\"_blank\">France Bleu<\/a><\/h4>\t\t<\/div>\n\t\t\t\t<\/div>\n\t\t\t\t<div class=\"elementor-element elementor-element-beaaf51 elementor-widget elementor-widget-heading\" data-id=\"beaaf51\" data-element_type=\"widget\" data-widget_type=\"heading.default\">\n\t\t\t\t<div class=\"elementor-widget-container\">\n\t\t\t<p class=\"elementor-heading-title elementor-size-default\"><a href=\"https:\/\/www.francebleu.fr\/emissions\/les-jouteurs-de-l-info\/faut-il-simplifier-l-orthographe-pour-reduire-les-inegalites-scolaires-ou-sociales-3994786\" target=\"_blank\">Faut-il simplifier l'orthographe pour r\u00e9duire les in\u00e9galit\u00e9s scolaires ou sociales ?<\/a><\/p>\t\t<\/div>\n\t\t\t\t<\/div>\n\t\t\t\t<div class=\"elementor-element elementor-element-19e3005 elementor-position-top elementor-widget elementor-widget-image-box\" data-id=\"19e3005\" data-element_type=\"widget\" data-widget_type=\"image-box.default\">\n\t\t\t\t<div class=\"elementor-widget-container\">\n\t\t\t<div class=\"elementor-image-box-wrapper\"><figure class=\"elementor-image-box-img\"><a href=\"https:\/\/www.francebleu.fr\/emissions\/les-jouteurs-de-l-info\/faut-il-simplifier-l-orthographe-pour-reduire-les-inegalites-scolaires-ou-sociales-3994786\" target=\"_blank\" tabindex=\"-1\"><img fetchpriority=\"high\" decoding=\"async\" width=\"747\" height=\"414\" src=\"https:\/\/sophiejasselin.com\/wp-content\/uploads\/2023\/09\/Sans-titre-17.jpg\" class=\"attachment-full size-full wp-image-1627\" alt=\"France Bleu Faut-il simplifier l&#039;orthographe pour r\u00e9duire les in\u00e9galit\u00e9s scolaires ou sociales ?\" srcset=\"https:\/\/sophiejasselin.com\/wp-content\/uploads\/2023\/09\/Sans-titre-17.jpg 747w, https:\/\/sophiejasselin.com\/wp-content\/uploads\/2023\/09\/Sans-titre-17-300x166.jpg 300w, https:\/\/sophiejasselin.com\/wp-content\/uploads\/2023\/09\/Sans-titre-17-18x10.jpg 18w\" sizes=\"(max-width: 747px) 100vw, 747px\" \/><\/a><\/figure><div class=\"elementor-image-box-content\"><p class=\"elementor-image-box-description\">On dit que le livre et la lecture sont en perte de vitesse.\nTout comme l'orthographe, de moins en moins respect\u00e9, en particulier chez les jeunes.\nDes voix s'\u00e9l\u00e8vent pour r\u00e9clamer une nouvelle r\u00e9forme de l'orthographe, une nouvelle simplification.\nLa derni\u00e8re date de 2016.\nCar selon certaine sp\u00e9cialistes, une mauvaise pratique de l'orthographe g\u00e9n\u00e8re de la discrimination, en particulier \u00e0 l'\u00e9cole.\nC'est donc notre question du jour ce matin: faut-il simplifier l'orthographe pour r\u00e9duire les in\u00e9galit\u00e9s scolaires ou sociales ?<\/p><\/div><\/div>\t\t<\/div>\n\t\t\t\t<\/div>\n\t\t\t\t\t<\/div>\n\t\t<\/div>\n\t\t\t\t<div class=\"elementor-column elementor-col-25 elementor-top-column elementor-element elementor-element-8f9cfc5\" data-id=\"8f9cfc5\" data-element_type=\"column\">\n\t\t\t<div class=\"elementor-widget-wrap elementor-element-populated\">\n\t\t\t\t\t\t<div class=\"elementor-element elementor-element-705f29c elementor-position-top elementor-widget elementor-widget-image-box\" data-id=\"705f29c\" data-element_type=\"widget\" data-widget_type=\"image-box.default\">\n\t\t\t\t<div class=\"elementor-widget-container\">\n\t\t\t<div class=\"elementor-image-box-wrapper\"><figure class=\"elementor-image-box-img\"><a href=\"https:\/\/www.radiofrance.fr\/franceculture\/podcasts\/sans-oser-le-demander\/pourquoi-reprenez-vous-les-gens-qui-disent-chocolatine-2011400\" target=\"_blank\" tabindex=\"-1\"><img decoding=\"async\" width=\"695\" height=\"387\" src=\"https:\/\/sophiejasselin.com\/wp-content\/uploads\/2023\/09\/Sans-titre-18.jpg\" class=\"attachment-full size-full wp-image-1628\" alt=\"France Culture Glottophagie : pourquoi reprenez-vous les gens qui disent \u201cchocolatine\u201d ?\" srcset=\"https:\/\/sophiejasselin.com\/wp-content\/uploads\/2023\/09\/Sans-titre-18.jpg 695w, https:\/\/sophiejasselin.com\/wp-content\/uploads\/2023\/09\/Sans-titre-18-300x167.jpg 300w, https:\/\/sophiejasselin.com\/wp-content\/uploads\/2023\/09\/Sans-titre-18-18x10.jpg 18w\" sizes=\"(max-width: 695px) 100vw, 695px\" \/><\/a><\/figure><div class=\"elementor-image-box-content\"><p class=\"elementor-image-box-description\">Certains disent \"pain au chocolat\", d\u2019autres\"chocolatine\", certains disent \"rose\", d\u2019autres disent \u201crase\u201d, etc, etc. Et chacun d\u2019entre eux pensent avoir raison. Mais pourquoi a-t-on un probl\u00e8me avec les accents, les intonations et les dialectes ?<\/p><\/div><\/div>\t\t<\/div>\n\t\t\t\t<\/div>\n\t\t\t\t<div class=\"elementor-element elementor-element-65e7933 elementor-widget elementor-widget-heading\" data-id=\"65e7933\" data-element_type=\"widget\" data-widget_type=\"heading.default\">\n\t\t\t\t<div class=\"elementor-widget-container\">\n\t\t\t<h4 class=\"elementor-heading-title elementor-size-default\"><a href=\"https:\/\/www.radiofrance.fr\/franceculture\/podcasts\/sans-oser-le-demander\/pourquoi-reprenez-vous-les-gens-qui-disent-chocolatine-2011400\" target=\"_blank\">France Culture<\/a><\/h4>\t\t<\/div>\n\t\t\t\t<\/div>\n\t\t\t\t<div class=\"elementor-element elementor-element-5f93ea9 elementor-widget elementor-widget-heading\" data-id=\"5f93ea9\" data-element_type=\"widget\" data-widget_type=\"heading.default\">\n\t\t\t\t<div class=\"elementor-widget-container\">\n\t\t\t<p class=\"elementor-heading-title elementor-size-default\"><a href=\"https:\/\/www.radiofrance.fr\/franceculture\/podcasts\/sans-oser-le-demander\/pourquoi-reprenez-vous-les-gens-qui-disent-chocolatine-2011400\" target=\"_blank\">Glottophagie : pourquoi reprenez-vous les gens qui disent \u201cchocolatine\u201d ?<\/a><\/p>\t\t<\/div>\n\t\t\t\t<\/div>\n\t\t\t\t\t<\/div>\n\t\t<\/div>\n\t\t\t\t<div class=\"elementor-column elementor-col-25 elementor-top-column elementor-element elementor-element-9255d95\" data-id=\"9255d95\" data-element_type=\"column\">\n\t\t\t<div class=\"elementor-widget-wrap elementor-element-populated\">\n\t\t\t\t\t\t<div class=\"elementor-element elementor-element-162ac9b elementor-widget elementor-widget-heading\" data-id=\"162ac9b\" data-element_type=\"widget\" data-widget_type=\"heading.default\">\n\t\t\t\t<div class=\"elementor-widget-container\">\n\t\t\t<h4 class=\"elementor-heading-title elementor-size-default\"><a href=\"https:\/\/www.lefigaro.fr\/langue-francaise\/actu-des-mots\/pierre-halte-on-ne-peut-pas-dire-que-les-emojis-menacent-la-langue-20230522\" target=\"_blank\">Le Figaro<\/a><\/h4>\t\t<\/div>\n\t\t\t\t<\/div>\n\t\t\t\t<div class=\"elementor-element elementor-element-7211dde elementor-widget elementor-widget-heading\" data-id=\"7211dde\" data-element_type=\"widget\" data-widget_type=\"heading.default\">\n\t\t\t\t<div class=\"elementor-widget-container\">\n\t\t\t<p class=\"elementor-heading-title elementor-size-default\"><a href=\"https:\/\/www.lefigaro.fr\/langue-francaise\/actu-des-mots\/pierre-halte-on-ne-peut-pas-dire-que-les-emojis-menacent-la-langue-20230522\" target=\"_blank\">Pierre Halt\u00e9: \u00abOn ne peut pas dire que les \u00e9mojis menacent la langue\u00bb<\/a><\/p>\t\t<\/div>\n\t\t\t\t<\/div>\n\t\t\t\t<div class=\"elementor-element elementor-element-171b18e elementor-position-top elementor-widget elementor-widget-image-box\" data-id=\"171b18e\" data-element_type=\"widget\" data-widget_type=\"image-box.default\">\n\t\t\t\t<div class=\"elementor-widget-container\">\n\t\t\t<div class=\"elementor-image-box-wrapper\"><figure class=\"elementor-image-box-img\"><a href=\"https:\/\/www.lefigaro.fr\/langue-francaise\/actu-des-mots\/pierre-halte-on-ne-peut-pas-dire-que-les-emojis-menacent-la-langue-20230522\" target=\"_blank\" tabindex=\"-1\"><img decoding=\"async\" width=\"764\" height=\"427\" src=\"https:\/\/sophiejasselin.com\/wp-content\/uploads\/2023\/09\/Sans-titre-19.jpg\" class=\"attachment-full size-full wp-image-1629\" alt=\"Le Figaro Pierre Halt\u00e9: \u00abOn ne peut pas dire que les \u00e9mojis menacent la langue\u00bb\" srcset=\"https:\/\/sophiejasselin.com\/wp-content\/uploads\/2023\/09\/Sans-titre-19.jpg 764w, https:\/\/sophiejasselin.com\/wp-content\/uploads\/2023\/09\/Sans-titre-19-300x168.jpg 300w, https:\/\/sophiejasselin.com\/wp-content\/uploads\/2023\/09\/Sans-titre-19-18x10.jpg 18w\" sizes=\"(max-width: 764px) 100vw, 764px\" \/><\/a><\/figure><div class=\"elementor-image-box-content\"><p class=\"elementor-image-box-description\">Chaque jour, des milliards d\u2019\u00e9mojis sont \u00e9chang\u00e9s \u00e0 travers le monde. Quelles cons\u00e9quences leur utilisation massive a-t-elle sur notre mani\u00e8re de communiquer?<\/p><\/div><\/div>\t\t<\/div>\n\t\t\t\t<\/div>\n\t\t\t\t\t<\/div>\n\t\t<\/div>\n\t\t\t\t<div class=\"elementor-column elementor-col-25 elementor-top-column elementor-element elementor-element-ace9079\" data-id=\"ace9079\" data-element_type=\"column\">\n\t\t\t<div class=\"elementor-widget-wrap elementor-element-populated\">\n\t\t\t\t\t\t<div class=\"elementor-element elementor-element-304bc51 elementor-position-top elementor-widget elementor-widget-image-box\" data-id=\"304bc51\" data-element_type=\"widget\" data-widget_type=\"image-box.default\">\n\t\t\t\t<div class=\"elementor-widget-container\">\n\t\t\t<div class=\"elementor-image-box-wrapper\"><figure class=\"elementor-image-box-img\"><a href=\"https:\/\/www.20minutes.fr\/high-tech\/4031704-20230411-montpellier-application-sankliche-apprend-francais-lancant-defis\" target=\"_blank\" tabindex=\"-1\"><img loading=\"lazy\" decoding=\"async\" width=\"1331\" height=\"885\" src=\"https:\/\/sophiejasselin.com\/wp-content\/uploads\/2023\/09\/Sans-titre-20.jpg\" class=\"attachment-full size-full wp-image-1630\" alt=\"Ouest France \u00c9picier, panier, viande\u2026 Pourquoi les mots de la langue fran\u00e7aise changent de sens au fil du temps\" srcset=\"https:\/\/sophiejasselin.com\/wp-content\/uploads\/2023\/09\/Sans-titre-20.jpg 1331w, https:\/\/sophiejasselin.com\/wp-content\/uploads\/2023\/09\/Sans-titre-20-300x199.jpg 300w, https:\/\/sophiejasselin.com\/wp-content\/uploads\/2023\/09\/Sans-titre-20-1024x681.jpg 1024w, https:\/\/sophiejasselin.com\/wp-content\/uploads\/2023\/09\/Sans-titre-20-768x511.jpg 768w, https:\/\/sophiejasselin.com\/wp-content\/uploads\/2023\/09\/Sans-titre-20-18x12.jpg 18w\" sizes=\"(max-width: 1331px) 100vw, 1331px\" \/><\/a><\/figure><div class=\"elementor-image-box-content\"><p class=\"elementor-image-box-description\">La Cit\u00e9 internationale de la langue fran\u00e7aise ouvrira ses portes en juin 2023, \u00e0 Villers-Cotter\u00eats (Aisne). L\u2019occasion de red\u00e9couvrir l\u2019histoire de notre langue, en constante \u00e9volution. \u00c9picier, panier, pommade, viande\u2026 Certains mots que nous employons aujourd\u2019hui n\u2019avaient pas forc\u00e9ment le m\u00eame sens hier. Et ils n\u2019auront pas le m\u00eame demain. D\u00e9cryptage avec Jean Pruvost, lexicologue \u00e0 l\u2019Universit\u00e9 de Cergy-Pontoise.<\/p><\/div><\/div>\t\t<\/div>\n\t\t\t\t<\/div>\n\t\t\t\t<div class=\"elementor-element elementor-element-49aff5a elementor-widget elementor-widget-heading\" data-id=\"49aff5a\" data-element_type=\"widget\" data-widget_type=\"heading.default\">\n\t\t\t\t<div class=\"elementor-widget-container\">\n\t\t\t<h4 class=\"elementor-heading-title elementor-size-default\"><a href=\"https:\/\/www.20minutes.fr\/high-tech\/4031704-20230411-montpellier-application-sankliche-apprend-francais-lancant-defis\" target=\"_blank\">Ouest France<\/a><\/h4>\t\t<\/div>\n\t\t\t\t<\/div>\n\t\t\t\t<div class=\"elementor-element elementor-element-ccc8db6 elementor-widget elementor-widget-heading\" data-id=\"ccc8db6\" data-element_type=\"widget\" data-widget_type=\"heading.default\">\n\t\t\t\t<div class=\"elementor-widget-container\">\n\t\t\t<p class=\"elementor-heading-title elementor-size-default\"><a href=\"https:\/\/www.20minutes.fr\/high-tech\/4031704-20230411-montpellier-application-sankliche-apprend-francais-lancant-defis\" target=\"_blank\">\u00c9picier, panier, viande\u2026 Pourquoi les mots de la langue fran\u00e7aise changent de sens au fil du temps<\/a><\/p>\t\t<\/div>\n\t\t\t\t<\/div>\n\t\t\t\t\t<\/div>\n\t\t<\/div>\n\t\t\t\t\t<\/div>\n\t\t<\/section>\n\t\t\t\t<\/div>","protected":false},"excerpt":{"rendered":"<p>L&rsquo;actu de mai France Bleu Faut-il simplifier l&rsquo;orthographe pour r\u00e9duire les in\u00e9galit\u00e9s scolaires ou sociales ? On dit que le livre et la lecture sont en perte de vitesse. Tout [&hellip;]<\/p>","protected":false},"author":1,"featured_media":0,"comment_status":"open","ping_status":"open","sticky":false,"template":"","format":"standard","meta":{"footnotes":""},"categories":[10,1],"tags":[],"class_list":["post-1625","post","type-post","status-publish","format-standard","hentry","category-lactu-francais","category-langue-francaise"],"_links":{"self":[{"href":"https:\/\/sophiejasselin.com\/en\/wp-json\/wp\/v2\/posts\/1625"}],"collection":[{"href":"https:\/\/sophiejasselin.com\/en\/wp-json\/wp\/v2\/posts"}],"about":[{"href":"https:\/\/sophiejasselin.com\/en\/wp-json\/wp\/v2\/types\/post"}],"author":[{"embeddable":true,"href":"https:\/\/sophiejasselin.com\/en\/wp-json\/wp\/v2\/users\/1"}],"replies":[{"embeddable":true,"href":"https:\/\/sophiejasselin.com\/en\/wp-json\/wp\/v2\/comments?post=1625"}],"version-history":[{"count":4,"href":"https:\/\/sophiejasselin.com\/en\/wp-json\/wp\/v2\/posts\/1625\/revisions"}],"predecessor-version":[{"id":1633,"href":"https:\/\/sophiejasselin.com\/en\/wp-json\/wp\/v2\/posts\/1625\/revisions\/1633"}],"wp:attachment":[{"href":"https:\/\/sophiejasselin.com\/en\/wp-json\/wp\/v2\/media?parent=1625"}],"wp:term":[{"taxonomy":"category","embeddable":true,"href":"https:\/\/sophiejasselin.com\/en\/wp-json\/wp\/v2\/categories?post=1625"},{"taxonomy":"post_tag","embeddable":true,"href":"https:\/\/sophiejasselin.com\/en\/wp-json\/wp\/v2\/tags?post=1625"}],"curies":[{"name":"wp","href":"https:\/\/api.w.org\/{rel}","templated":true}]}}