{"id":1663,"date":"2023-09-22T13:58:04","date_gmt":"2023-09-22T11:58:04","guid":{"rendered":"https:\/\/sophiejasselin.com\/?p=1663"},"modified":"2023-09-22T14:28:05","modified_gmt":"2023-09-22T12:28:05","slug":"lactu-du-mois-de-juillet","status":"publish","type":"post","link":"https:\/\/sophiejasselin.com\/en\/lactu-du-mois-de-juillet\/","title":{"rendered":"L&rsquo;actu du mois de juillet"},"content":{"rendered":"<div data-elementor-type=\"wp-post\" data-elementor-id=\"1663\" class=\"elementor elementor-1663\" data-elementor-post-type=\"post\">\n\t\t\t\t\t\t<section class=\"elementor-section elementor-top-section elementor-element elementor-element-85c9535 elementor-section-boxed elementor-section-height-default elementor-section-height-default\" data-id=\"85c9535\" data-element_type=\"section\" data-settings=\"{&quot;background_background&quot;:&quot;classic&quot;}\">\n\t\t\t\t\t\t<div class=\"elementor-container elementor-column-gap-no\">\n\t\t\t\t\t<div class=\"elementor-column elementor-col-100 elementor-top-column elementor-element elementor-element-5215bd6\" data-id=\"5215bd6\" data-element_type=\"column\">\n\t\t\t<div class=\"elementor-widget-wrap elementor-element-populated\">\n\t\t\t\t\t\t<div class=\"elementor-element elementor-element-2949adf elementor-invisible elementor-widget elementor-widget-heading\" data-id=\"2949adf\" data-element_type=\"widget\" data-settings=\"{&quot;_animation&quot;:&quot;fadeIn&quot;,&quot;_animation_delay&quot;:200,&quot;motion_fx_motion_fx_scrolling&quot;:&quot;yes&quot;,&quot;motion_fx_translateY_effect&quot;:&quot;yes&quot;,&quot;motion_fx_translateY_speed&quot;:{&quot;unit&quot;:&quot;px&quot;,&quot;size&quot;:1,&quot;sizes&quot;:[]},&quot;motion_fx_translateY_affectedRange&quot;:{&quot;unit&quot;:&quot;%&quot;,&quot;size&quot;:&quot;&quot;,&quot;sizes&quot;:{&quot;start&quot;:0,&quot;end&quot;:100}},&quot;motion_fx_devices&quot;:[&quot;desktop&quot;,&quot;tablet&quot;,&quot;mobile&quot;]}\" data-widget_type=\"heading.default\">\n\t\t\t\t<div class=\"elementor-widget-container\">\n\t\t\t<h2 class=\"elementor-heading-title elementor-size-default\">L'actu de juillet<\/h2>\t\t<\/div>\n\t\t\t\t<\/div>\n\t\t\t\t\t<\/div>\n\t\t<\/div>\n\t\t\t\t\t<\/div>\n\t\t<\/section>\n\t\t\t\t<section class=\"elementor-section elementor-top-section elementor-element elementor-element-66b0c7a elementor-section-height-min-height elementor-section-items-stretch elementor-reverse-mobile elementor-section-boxed elementor-section-height-default\" data-id=\"66b0c7a\" data-element_type=\"section\" data-settings=\"{&quot;background_background&quot;:&quot;classic&quot;}\">\n\t\t\t\t\t\t<div class=\"elementor-container elementor-column-gap-no\">\n\t\t\t\t\t<div class=\"elementor-column elementor-col-33 elementor-top-column elementor-element elementor-element-82c6748\" data-id=\"82c6748\" data-element_type=\"column\">\n\t\t\t<div class=\"elementor-widget-wrap elementor-element-populated\">\n\t\t\t\t\t\t<div class=\"elementor-element elementor-element-40865f4 elementor-position-top elementor-widget elementor-widget-image-box\" data-id=\"40865f4\" data-element_type=\"widget\" data-widget_type=\"image-box.default\">\n\t\t\t\t<div class=\"elementor-widget-container\">\n\t\t\t<div class=\"elementor-image-box-wrapper\"><figure class=\"elementor-image-box-img\"><a href=\"https:\/\/www.radiofrance.fr\/franceinter\/podcasts\/sur-les-routes-de-la-musique\/sur-les-routes-de-la-musique-3-du-mercredi-12-juillet-2023-9396288\" target=\"_blank\" tabindex=\"-1\"><img fetchpriority=\"high\" decoding=\"async\" width=\"689\" height=\"389\" src=\"https:\/\/sophiejasselin.com\/wp-content\/uploads\/2023\/09\/Sans-titre-27.jpg\" class=\"attachment-full size-full wp-image-1667\" alt=\"France Inter Je parle comme j\u2019entends : l\u2019h\u00e9g\u00e9monie Viking ? ABBA\" srcset=\"https:\/\/sophiejasselin.com\/wp-content\/uploads\/2023\/09\/Sans-titre-27.jpg 689w, https:\/\/sophiejasselin.com\/wp-content\/uploads\/2023\/09\/Sans-titre-27-300x169.jpg 300w, https:\/\/sophiejasselin.com\/wp-content\/uploads\/2023\/09\/Sans-titre-27-18x10.jpg 18w\" sizes=\"(max-width: 689px) 100vw, 689px\" \/><\/a><\/figure><div class=\"elementor-image-box-content\"><p class=\"elementor-image-box-description\">Pourquoi nous ne sommes pas terribles \u00e0 l'Eurovision ? Et pourquoi les Su\u00e9dois sont les champions de la plan\u00e8te musicale ? Peut-\u00eatre est-ce li\u00e9 \u00e0 la fr\u00e9quence de nos langues ?<\/p><\/div><\/div>\t\t<\/div>\n\t\t\t\t<\/div>\n\t\t\t\t<div class=\"elementor-element elementor-element-c310e40 elementor-widget elementor-widget-heading\" data-id=\"c310e40\" data-element_type=\"widget\" data-widget_type=\"heading.default\">\n\t\t\t\t<div class=\"elementor-widget-container\">\n\t\t\t<h4 class=\"elementor-heading-title elementor-size-default\"><a href=\"https:\/\/www.radiofrance.fr\/franceinter\/podcasts\/sur-les-routes-de-la-musique\/sur-les-routes-de-la-musique-3-du-mercredi-12-juillet-2023-9396288\" target=\"_blank\">France Inter<\/a><\/h4>\t\t<\/div>\n\t\t\t\t<\/div>\n\t\t\t\t<div class=\"elementor-element elementor-element-c5bbfa8 elementor-widget elementor-widget-heading\" data-id=\"c5bbfa8\" data-element_type=\"widget\" data-widget_type=\"heading.default\">\n\t\t\t\t<div class=\"elementor-widget-container\">\n\t\t\t<p class=\"elementor-heading-title elementor-size-default\"><a href=\"https:\/\/www.radiofrance.fr\/franceinter\/podcasts\/sur-les-routes-de-la-musique\/sur-les-routes-de-la-musique-3-du-mercredi-12-juillet-2023-9396288\" target=\"_blank\">Je parle comme j\u2019entends : l\u2019h\u00e9g\u00e9monie Viking ?\n<\/a><\/p>\t\t<\/div>\n\t\t\t\t<\/div>\n\t\t\t\t\t<\/div>\n\t\t<\/div>\n\t\t\t\t<div class=\"elementor-column elementor-col-33 elementor-top-column elementor-element elementor-element-7e8db6f\" data-id=\"7e8db6f\" data-element_type=\"column\">\n\t\t\t<div class=\"elementor-widget-wrap elementor-element-populated\">\n\t\t\t\t\t\t<div class=\"elementor-element elementor-element-ac8ef22 elementor-position-top elementor-widget elementor-widget-image-box\" data-id=\"ac8ef22\" data-element_type=\"widget\" data-widget_type=\"image-box.default\">\n\t\t\t\t<div class=\"elementor-widget-container\">\n\t\t\t<div class=\"elementor-image-box-wrapper\"><figure class=\"elementor-image-box-img\"><a href=\"https:\/\/www.liberation.fr\/societe\/education\/sanctionner-les-fautes-au-bac-le-niveau-en-langue-francaise-ne-se-resume-pas-a-lorthographe-20230711_ZWQX3BZ7GFD6LOVJI7MDCFK2QA\/\" target=\"_blank\" tabindex=\"-1\"><img decoding=\"async\" width=\"1024\" height=\"683\" src=\"https:\/\/sophiejasselin.com\/wp-content\/uploads\/2023\/09\/52AZJGEGXBE2ZKXOJQH5ZQZF4Q.jpg\" class=\"attachment-full size-full wp-image-1668\" alt=\"\" srcset=\"https:\/\/sophiejasselin.com\/wp-content\/uploads\/2023\/09\/52AZJGEGXBE2ZKXOJQH5ZQZF4Q.jpg 1024w, https:\/\/sophiejasselin.com\/wp-content\/uploads\/2023\/09\/52AZJGEGXBE2ZKXOJQH5ZQZF4Q-300x200.jpg 300w, https:\/\/sophiejasselin.com\/wp-content\/uploads\/2023\/09\/52AZJGEGXBE2ZKXOJQH5ZQZF4Q-768x512.jpg 768w, https:\/\/sophiejasselin.com\/wp-content\/uploads\/2023\/09\/52AZJGEGXBE2ZKXOJQH5ZQZF4Q-18x12.jpg 18w\" sizes=\"(max-width: 1024px) 100vw, 1024px\" \/><\/a><\/figure><div class=\"elementor-image-box-content\"><p class=\"elementor-image-box-description\">Pour Christophe Benzitoun, sp\u00e9cialiste de la langue fran\u00e7aise et membre de l\u2019association Tract des linguistes, sanctionner les copies des \u00e9l\u00e8ves qui commettent des fautes, comme a dit le vouloir le ministre de l\u2019Education nationale dimanche, n\u2019est pas la solution. Il appelle \u00e0 une refonte de l\u2019enseignement de la langue.<\/p><\/div><\/div>\t\t<\/div>\n\t\t\t\t<\/div>\n\t\t\t\t<div class=\"elementor-element elementor-element-ddc7861 elementor-widget elementor-widget-heading\" data-id=\"ddc7861\" data-element_type=\"widget\" data-widget_type=\"heading.default\">\n\t\t\t\t<div class=\"elementor-widget-container\">\n\t\t\t<h4 class=\"elementor-heading-title elementor-size-default\"><a href=\"https:\/\/www.liberation.fr\/societe\/education\/sanctionner-les-fautes-au-bac-le-niveau-en-langue-francaise-ne-se-resume-pas-a-lorthographe-20230711_ZWQX3BZ7GFD6LOVJI7MDCFK2QA\/\" target=\"_blank\">Lib\u00e9ration<\/a><\/h4>\t\t<\/div>\n\t\t\t\t<\/div>\n\t\t\t\t<div class=\"elementor-element elementor-element-3a249c9 elementor-widget elementor-widget-heading\" data-id=\"3a249c9\" data-element_type=\"widget\" data-widget_type=\"heading.default\">\n\t\t\t\t<div class=\"elementor-widget-container\">\n\t\t\t<p class=\"elementor-heading-title elementor-size-default\"><a href=\"https:\/\/www.liberation.fr\/societe\/education\/sanctionner-les-fautes-au-bac-le-niveau-en-langue-francaise-ne-se-resume-pas-a-lorthographe-20230711_ZWQX3BZ7GFD6LOVJI7MDCFK2QA\/\" target=\"_blank\">Sanctionner les fautes au bac : \u00abLe niveau en langue fran\u00e7aise ne se r\u00e9sume pas \u00e0 l\u2019orthographe\u00bb\n<\/a><\/p>\t\t<\/div>\n\t\t\t\t<\/div>\n\t\t\t\t\t<\/div>\n\t\t<\/div>\n\t\t\t\t<div class=\"elementor-column elementor-col-33 elementor-top-column elementor-element elementor-element-b7ae1ca\" data-id=\"b7ae1ca\" data-element_type=\"column\">\n\t\t\t<div class=\"elementor-widget-wrap elementor-element-populated\">\n\t\t\t\t\t\t<div class=\"elementor-element elementor-element-0053571 elementor-position-top elementor-widget elementor-widget-image-box\" data-id=\"0053571\" data-element_type=\"widget\" data-widget_type=\"image-box.default\">\n\t\t\t\t<div class=\"elementor-widget-container\">\n\t\t\t<div class=\"elementor-image-box-wrapper\"><figure class=\"elementor-image-box-img\"><a href=\"https:\/\/www.francetvinfo.fr\/culture\/langue-francaise-ne-dites-plus-dark-store-mais-entrepot-relais-et-remplacez-digitalisation-par-transformation-numerique_5924222.html\" target=\"_blank\" tabindex=\"-1\"><img decoding=\"async\" width=\"1166\" height=\"655\" src=\"https:\/\/sophiejasselin.com\/wp-content\/uploads\/2023\/09\/111.jpg\" class=\"attachment-full size-full wp-image-1666\" alt=\"FranceInfo France Info Langue fran\u00e7aise : ne dites plus &quot;dark store&quot; mais &quot;entrep\u00f4t relais&quot; et remplacez &quot;digitalisation&quot; par &quot;transformation num\u00e9rique&quot;\" srcset=\"https:\/\/sophiejasselin.com\/wp-content\/uploads\/2023\/09\/111.jpg 1166w, https:\/\/sophiejasselin.com\/wp-content\/uploads\/2023\/09\/111-300x169.jpg 300w, https:\/\/sophiejasselin.com\/wp-content\/uploads\/2023\/09\/111-1024x575.jpg 1024w, https:\/\/sophiejasselin.com\/wp-content\/uploads\/2023\/09\/111-768x431.jpg 768w, https:\/\/sophiejasselin.com\/wp-content\/uploads\/2023\/09\/111-18x10.jpg 18w\" sizes=\"(max-width: 1166px) 100vw, 1166px\" \/><\/a><\/figure><div class=\"elementor-image-box-content\"><p class=\"elementor-image-box-description\">La Commission d'enrichissement de la langue fran\u00e7aise a propos\u00e9 de nouveaux mots et expressions qui remplacent notamment des anglicismes.<\/p><\/div><\/div>\t\t<\/div>\n\t\t\t\t<\/div>\n\t\t\t\t<div class=\"elementor-element elementor-element-5bfccfd elementor-widget elementor-widget-heading\" data-id=\"5bfccfd\" data-element_type=\"widget\" data-widget_type=\"heading.default\">\n\t\t\t\t<div class=\"elementor-widget-container\">\n\t\t\t<h4 class=\"elementor-heading-title elementor-size-default\"><a href=\"https:\/\/www.francetvinfo.fr\/culture\/langue-francaise-ne-dites-plus-dark-store-mais-entrepot-relais-et-remplacez-digitalisation-par-transformation-numerique_5924222.html\" target=\"_blank\">FranceInfo<\/a><\/h4>\t\t<\/div>\n\t\t\t\t<\/div>\n\t\t\t\t<div class=\"elementor-element elementor-element-59a6e20 elementor-widget elementor-widget-heading\" data-id=\"59a6e20\" data-element_type=\"widget\" data-widget_type=\"heading.default\">\n\t\t\t\t<div class=\"elementor-widget-container\">\n\t\t\t<p class=\"elementor-heading-title elementor-size-default\"><a href=\"https:\/\/www.francetvinfo.fr\/culture\/langue-francaise-ne-dites-plus-dark-store-mais-entrepot-relais-et-remplacez-digitalisation-par-transformation-numerique_5924222.html\" target=\"_blank\">Langue fran\u00e7aise : ne dites plus \"dark store\" mais \"entrep\u00f4t relais\" et remplacez \"digitalisation\" par \"transformation num\u00e9rique\"\n<\/a><\/p>\t\t<\/div>\n\t\t\t\t<\/div>\n\t\t\t\t\t<\/div>\n\t\t<\/div>\n\t\t\t\t\t<\/div>\n\t\t<\/section>\n\t\t\t\t<section class=\"elementor-section elementor-top-section elementor-element elementor-element-3b8f432 elementor-section-height-min-height elementor-section-items-stretch elementor-reverse-mobile elementor-section-boxed elementor-section-height-default\" data-id=\"3b8f432\" data-element_type=\"section\" data-settings=\"{&quot;background_background&quot;:&quot;classic&quot;}\">\n\t\t\t\t\t\t<div class=\"elementor-container elementor-column-gap-no\">\n\t\t\t\t\t<div class=\"elementor-column elementor-col-33 elementor-top-column elementor-element elementor-element-23c869d\" data-id=\"23c869d\" data-element_type=\"column\">\n\t\t\t<div class=\"elementor-widget-wrap elementor-element-populated\">\n\t\t\t\t\t\t<div class=\"elementor-element elementor-element-65a5a6f elementor-position-top elementor-widget elementor-widget-image-box\" data-id=\"65a5a6f\" data-element_type=\"widget\" data-widget_type=\"image-box.default\">\n\t\t\t\t<div class=\"elementor-widget-container\">\n\t\t\t<div class=\"elementor-image-box-wrapper\"><figure class=\"elementor-image-box-img\"><a href=\"https:\/\/www.lefigaro.fr\/langue-francaise\/expressions-francaises\/ces-mots-francais-qui-nous-viennent-d-asie-20230731\" target=\"_blank\" tabindex=\"-1\"><img loading=\"lazy\" decoding=\"async\" width=\"768\" height=\"427\" src=\"https:\/\/sophiejasselin.com\/wp-content\/uploads\/2023\/09\/1111.jpg\" class=\"attachment-full size-full wp-image-1669\" alt=\"Le Figaro Ces mots fran\u00e7ais qui nous viennent d\u2019Asie\" srcset=\"https:\/\/sophiejasselin.com\/wp-content\/uploads\/2023\/09\/1111.jpg 768w, https:\/\/sophiejasselin.com\/wp-content\/uploads\/2023\/09\/1111-300x167.jpg 300w, https:\/\/sophiejasselin.com\/wp-content\/uploads\/2023\/09\/1111-18x10.jpg 18w\" sizes=\"(max-width: 768px) 100vw, 768px\" \/><\/a><\/figure><div class=\"elementor-image-box-content\"><p class=\"elementor-image-box-description\">\u00abSiamois\u00bb, \u00abkamikaze\u00bb\u2026 Le fran\u00e7ais a adopt\u00e9 ces termes. Ils nous viennent du chinois, du japonais, ou encore du tha\u00ef. Le Figaro revient sur leur origine.<\/p><\/div><\/div>\t\t<\/div>\n\t\t\t\t<\/div>\n\t\t\t\t<div class=\"elementor-element elementor-element-cf95171 elementor-widget elementor-widget-heading\" data-id=\"cf95171\" data-element_type=\"widget\" data-widget_type=\"heading.default\">\n\t\t\t\t<div class=\"elementor-widget-container\">\n\t\t\t<h4 class=\"elementor-heading-title elementor-size-default\"><a href=\"https:\/\/www.lefigaro.fr\/langue-francaise\/expressions-francaises\/ces-mots-francais-qui-nous-viennent-d-asie-20230731\" target=\"_blank\">Le Figaro<\/a><\/h4>\t\t<\/div>\n\t\t\t\t<\/div>\n\t\t\t\t<div class=\"elementor-element elementor-element-56e5cdf elementor-widget elementor-widget-heading\" data-id=\"56e5cdf\" data-element_type=\"widget\" data-widget_type=\"heading.default\">\n\t\t\t\t<div class=\"elementor-widget-container\">\n\t\t\t<p class=\"elementor-heading-title elementor-size-default\"><a href=\"https:\/\/www.lefigaro.fr\/langue-francaise\/expressions-francaises\/ces-mots-francais-qui-nous-viennent-d-asie-20230731\" target=\"_blank\">Ces mots fran\u00e7ais qui nous viennent d\u2019Asie\n<\/a><\/p>\t\t<\/div>\n\t\t\t\t<\/div>\n\t\t\t\t\t<\/div>\n\t\t<\/div>\n\t\t\t\t<div class=\"elementor-column elementor-col-33 elementor-top-column elementor-element elementor-element-8779ac3\" data-id=\"8779ac3\" data-element_type=\"column\">\n\t\t\t<div class=\"elementor-widget-wrap elementor-element-populated\">\n\t\t\t\t\t\t<div class=\"elementor-element elementor-element-6bee657 elementor-position-top elementor-widget elementor-widget-image-box\" data-id=\"6bee657\" data-element_type=\"widget\" data-widget_type=\"image-box.default\">\n\t\t\t\t<div class=\"elementor-widget-container\">\n\t\t\t<div class=\"elementor-image-box-wrapper\"><figure class=\"elementor-image-box-img\"><a href=\"https:\/\/www.ouest-france.fr\/culture\/livres\/video-la-langue-regionale-nest-pas-une-menace-pour-romain-de-la-chaine-youtube-linguisticae-f88e51ee-14c5-11ee-84f1-0960f4dbada5\" target=\"_blank\" tabindex=\"-1\"><img decoding=\"async\" src=\"https:\/\/sophiejasselin.com\/wp-content\/uploads\/2023\/09\/11.jpg\" title=\"\" alt=\"Ouest France \u00ab La langue r\u00e9gionale n\u2019est pas une menace \u00bb pour Romain de la cha\u00eene YouTube Linguisticae\" loading=\"lazy\" \/><\/a><\/figure><div class=\"elementor-image-box-content\"><p class=\"elementor-image-box-description\">Le cr\u00e9ateur de contenu Romain Filstroff, alias Mont\u00e9 de la cha\u00eene YouTube Linguisticae, est revenu pour nous sur son parcours. Nous lui avons \u00e9galement parl\u00e9 de la langue fran\u00e7aise, l\u2019une de ses passions, et des langues r\u00e9gionales.<\/p><\/div><\/div>\t\t<\/div>\n\t\t\t\t<\/div>\n\t\t\t\t<div class=\"elementor-element elementor-element-1ff963e elementor-widget elementor-widget-heading\" data-id=\"1ff963e\" data-element_type=\"widget\" data-widget_type=\"heading.default\">\n\t\t\t\t<div class=\"elementor-widget-container\">\n\t\t\t<h4 class=\"elementor-heading-title elementor-size-default\"><a href=\"https:\/\/www.ouest-france.fr\/culture\/livres\/video-la-langue-regionale-nest-pas-une-menace-pour-romain-de-la-chaine-youtube-linguisticae-f88e51ee-14c5-11ee-84f1-0960f4dbada5\" target=\"_blank\">Ouest France<\/a><\/h4>\t\t<\/div>\n\t\t\t\t<\/div>\n\t\t\t\t<div class=\"elementor-element elementor-element-9ebc07d elementor-widget elementor-widget-heading\" data-id=\"9ebc07d\" data-element_type=\"widget\" data-widget_type=\"heading.default\">\n\t\t\t\t<div class=\"elementor-widget-container\">\n\t\t\t<p class=\"elementor-heading-title elementor-size-default\"><a href=\"https:\/\/www.ouest-france.fr\/culture\/livres\/video-la-langue-regionale-nest-pas-une-menace-pour-romain-de-la-chaine-youtube-linguisticae-f88e51ee-14c5-11ee-84f1-0960f4dbada5\" target=\"_blank\">\u00ab La langue r\u00e9gionale n\u2019est pas une menace \u00bb pour Romain de la cha\u00eene YouTube Linguisticae<\/a><\/p>\t\t<\/div>\n\t\t\t\t<\/div>\n\t\t\t\t\t<\/div>\n\t\t<\/div>\n\t\t\t\t<div class=\"elementor-column elementor-col-33 elementor-top-column elementor-element elementor-element-ab99ae5\" data-id=\"ab99ae5\" data-element_type=\"column\">\n\t\t\t<div class=\"elementor-widget-wrap\">\n\t\t\t\t\t\t\t<\/div>\n\t\t<\/div>\n\t\t\t\t\t<\/div>\n\t\t<\/section>\n\t\t\t\t<\/div>","protected":false},"excerpt":{"rendered":"<p>L&rsquo;actu de juillet Pourquoi nous ne sommes pas terribles \u00e0 l&rsquo;Eurovision ? Et pourquoi les Su\u00e9dois sont les champions de la plan\u00e8te musicale ? Peut-\u00eatre est-ce li\u00e9 \u00e0 la fr\u00e9quence [&hellip;]<\/p>","protected":false},"author":1,"featured_media":0,"comment_status":"open","ping_status":"open","sticky":false,"template":"","format":"standard","meta":{"footnotes":""},"categories":[10,1],"tags":[],"class_list":["post-1663","post","type-post","status-publish","format-standard","hentry","category-lactu-francais","category-langue-francaise"],"_links":{"self":[{"href":"https:\/\/sophiejasselin.com\/en\/wp-json\/wp\/v2\/posts\/1663"}],"collection":[{"href":"https:\/\/sophiejasselin.com\/en\/wp-json\/wp\/v2\/posts"}],"about":[{"href":"https:\/\/sophiejasselin.com\/en\/wp-json\/wp\/v2\/types\/post"}],"author":[{"embeddable":true,"href":"https:\/\/sophiejasselin.com\/en\/wp-json\/wp\/v2\/users\/1"}],"replies":[{"embeddable":true,"href":"https:\/\/sophiejasselin.com\/en\/wp-json\/wp\/v2\/comments?post=1663"}],"version-history":[{"count":10,"href":"https:\/\/sophiejasselin.com\/en\/wp-json\/wp\/v2\/posts\/1663\/revisions"}],"predecessor-version":[{"id":1678,"href":"https:\/\/sophiejasselin.com\/en\/wp-json\/wp\/v2\/posts\/1663\/revisions\/1678"}],"wp:attachment":[{"href":"https:\/\/sophiejasselin.com\/en\/wp-json\/wp\/v2\/media?parent=1663"}],"wp:term":[{"taxonomy":"category","embeddable":true,"href":"https:\/\/sophiejasselin.com\/en\/wp-json\/wp\/v2\/categories?post=1663"},{"taxonomy":"post_tag","embeddable":true,"href":"https:\/\/sophiejasselin.com\/en\/wp-json\/wp\/v2\/tags?post=1663"}],"curies":[{"name":"wp","href":"https:\/\/api.w.org\/{rel}","templated":true}]}}